{"id":24960,"date":"2022-12-08T19:18:51","date_gmt":"2022-12-08T18:18:51","guid":{"rendered":"https:\/\/www.comprensivobrigida.edu.it\/site\/?p=24960"},"modified":"2022-12-08T23:54:29","modified_gmt":"2022-12-08T22:54:29","slug":"saluto-per-il-nostro-caro-coolega-da-parte-della-comunita-scolastica","status":"publish","type":"post","link":"https:\/\/www.comprensivobrigida.edu.it\/site\/2022\/12\/08\/saluto-per-il-nostro-caro-coolega-da-parte-della-comunita-scolastica\/","title":{"rendered":"Commiato dal nostro caro collega Alessandro"},"content":{"rendered":"\t\t<div data-elementor-type=\"wp-post\" data-elementor-id=\"24960\" class=\"elementor elementor-24960\" data-elementor-settings=\"[]\">\n\t\t\t\t\t\t\t<div class=\"elementor-section-wrap\">\n\t\t\t\t\t\t\t<section class=\"has_eae_slider elementor-section elementor-top-section elementor-element elementor-element-235c0ba elementor-section-boxed elementor-section-height-default elementor-section-height-default\" data-id=\"235c0ba\" data-element_type=\"section\">\n\t\t\t\t\t\t<div class=\"elementor-container elementor-column-gap-default\">\n\t\t\t\t\t<div class=\"has_eae_slider elementor-column elementor-col-100 elementor-top-column elementor-element elementor-element-f43db63\" data-id=\"f43db63\" data-element_type=\"column\">\n\t\t\t<div class=\"elementor-widget-wrap elementor-element-populated\">\n\t\t\t\t\t\t\t\t<div class=\"elementor-element elementor-element-2ba9eac elementor-widget elementor-widget-text-editor\" data-id=\"2ba9eac\" data-element_type=\"widget\" data-widget_type=\"text-editor.default\">\n\t\t\t\t<div class=\"elementor-widget-container\">\n\t\t\t<style>\/*! elementor - v3.5.6 - 28-02-2022 *\/\n.elementor-widget-text-editor.elementor-drop-cap-view-stacked .elementor-drop-cap{background-color:#818a91;color:#fff}.elementor-widget-text-editor.elementor-drop-cap-view-framed .elementor-drop-cap{color:#818a91;border:3px solid;background-color:transparent}.elementor-widget-text-editor:not(.elementor-drop-cap-view-default) .elementor-drop-cap{margin-top:8px}.elementor-widget-text-editor:not(.elementor-drop-cap-view-default) .elementor-drop-cap-letter{width:1em;height:1em}.elementor-widget-text-editor .elementor-drop-cap{float:left;text-align:center;line-height:1;font-size:50px}.elementor-widget-text-editor .elementor-drop-cap-letter{display:inline-block}<\/style>\t\t\t\t<div dir=\"auto\">\u00a0Termoli, 8 dicembre 2022<\/div><div dir=\"auto\">Carissimo prof. Di Palma, maestro o semplicemente Alessandro.<\/div><div dir=\"auto\">Ieri, alla notizia della Tua scomparsa, che ci \u00e8 caduta addosso come un fulmine, l\u2019intera comunit\u00e0 scolastica \u00e8 stata profondamente e duramente colpita.<\/div><div dir=\"auto\">I tuoi colleghi, gli alunni, i tuoi alunni della 3F, il personale ed io siamo rimasti immobili, in un silenzio irreale. Occhi lucidi, lacrime, pallore e sgomento era<\/div><div dir=\"auto\">l\u2019impronta comune\u00a0 dei nostri volti. Una sensazione di gelo, un vuoto interiore, uno smarrimento collettivo, che molti cercavano di lenire con abbracci consolatori.<\/div><div dir=\"auto\">Non \u00e8 facile esprimere il nostro affetto e quanto sei stato importante per la nostra comunit\u00e0 scolastica in questi dodici anni.\u00a0<\/div><div dir=\"auto\">La \u201cBrigida\u201d \u00e8 stata per te come una seconda casa dove hai trovato un ambiente favorevole allo sviluppo della tua dimensione professionale, ma anche una grande famiglia.<\/div><div dir=\"auto\">Questi ultimi venti giorni sono stati terribili. Eravamo tutti preoccupati e ansiosi di avere notizie sulle tue condizioni di salute.<\/div><div dir=\"auto\">Ultimamente si era accesa la fiamma della speranza, alimentata dalla preghiera di tutti, che ci ha portato a credere ad un epilogo positivo, e invece ieri mattina \u2026 la tristissima notizia.<\/div><div dir=\"auto\">La comunit\u00e0 intera si \u00e8 stretta intorno a questa ingiusta tragedia perch\u00e9 ha subito percepito di aver perso un valido docente, un collega, un amico.<\/div><div dir=\"auto\">Come spiegare ai ragazzi che da luned\u00ec non ci sarai?<\/div><div dir=\"auto\">Come spiegare ai colleghi che sono anche tuoi amici, confidenti, compagni di avventura che non sei pi\u00f9 tra loro?<\/div><div dir=\"auto\">Non \u00e8 facile Alessandro.<\/div><div dir=\"auto\">Non \u00e8 facile perch\u00e9 eri parte integrante e attiva della nostra scuola.<\/div><div dir=\"auto\">L\u2019impegno profuso nella fondazione e nello sviluppo dello storico Coro Erato, con cui hai dimostrato la tua grande professionalit\u00e0, e ottenuto risultati prestigiosi sia a livello locale che nazionale\u00a0 che hanno dato lustro alla nostra scuola.<\/div><div dir=\"auto\">Il tuo prezioso lavoro nell\u2019ambito della RSU che, grazie al tuo impegno e alla grande disponibilit\u00e0, ti ha permesso di ricoprire un ruolo speciale, e sicuramente a te congeniale, all\u2019interno della grande famiglia \u201cBrigidina\u201d.\u00a0<\/div><div dir=\"auto\">L\u2019ultimo grande progetto, quello di organizzare e far funzionare il parlamentino degli alunni, per il quale avevi mostrato gioia e grande entusiasmo, e per il quale ti sei impegnato a fondo, stava per concretizzarsi. Mi ha commosso profondamente sentire da tua moglie, che nonostante le tue condizioni eri preoccupato per la conclusione del progetto, e che volevi al pi\u00f9 presto parlarne con me.\u00a0<\/div><div dir=\"auto\">Carissimo Alessandro oggi con te va via un pezzo della Brigida. TI SALUTIAMO con un sentimento di forte sconforto.<\/div><div dir=\"auto\">ABBRACCIAMO tua Moglie Annamaria, Presidente del nostro Consiglio d\u2019Istituto uscente, e i tuoi amati figli Libera, e Niccol\u00f2 che \u00e8 stato nostro alunno.<\/div><div dir=\"auto\">In noi solo la speranza che tu possa continuare a starci vicino, attraverso il RICORDO delle tue PAROLE e dei PROGETTI che hai intrapreso e che porteremo avanti per te e per la nostra MISSIONE di educatori.\u00a0<\/div><div dir=\"auto\">Stacci vicino, non ci abbandonare di nuovo.<\/div><div dir=\"auto\"><em>Il Dirigente<\/em><\/div><div dir=\"auto\"><em>prof. Francesco Paolo Marra<\/em><\/div>\t\t\t\t\t\t<\/div>\n\t\t\t\t<\/div>\n\t\t\t\t\t<\/div>\n\t\t<\/div>\n\t\t\t\t\t\t\t<\/div>\n\t\t<\/section>\n\t\t\t\t\t\t<\/div>\n\t\t\t\t\t<\/div>\n\t\t","protected":false},"excerpt":{"rendered":"<p>Termoli, 8 dicembre 2022Carissimo prof. Di Palma, maestro o semplicemente Alessandro.Ieri, alla notizia della Tua scomparsa, che ci \u00e8 caduta addosso come un fulmine, l\u2019intera comunit\u00e0 scolastica \u00e8 stata profondamente e duramente colpita.I tuoi colleghi, gli alunni, i tuoi alunni della 3F, il personale ed io siamo rimasti immobili, in un silenzio irreale. Occhi lucidi, [&hellip;]<\/p>\n","protected":false},"author":5,"featured_media":24956,"comment_status":"closed","ping_status":"closed","sticky":false,"template":"","format":"standard","meta":{"footnotes":""},"categories":[7,1],"tags":[],"_links":{"self":[{"href":"https:\/\/www.comprensivobrigida.edu.it\/site\/wp-json\/wp\/v2\/posts\/24960"}],"collection":[{"href":"https:\/\/www.comprensivobrigida.edu.it\/site\/wp-json\/wp\/v2\/posts"}],"about":[{"href":"https:\/\/www.comprensivobrigida.edu.it\/site\/wp-json\/wp\/v2\/types\/post"}],"author":[{"embeddable":true,"href":"https:\/\/www.comprensivobrigida.edu.it\/site\/wp-json\/wp\/v2\/users\/5"}],"replies":[{"embeddable":true,"href":"https:\/\/www.comprensivobrigida.edu.it\/site\/wp-json\/wp\/v2\/comments?post=24960"}],"version-history":[{"count":17,"href":"https:\/\/www.comprensivobrigida.edu.it\/site\/wp-json\/wp\/v2\/posts\/24960\/revisions"}],"predecessor-version":[{"id":24979,"href":"https:\/\/www.comprensivobrigida.edu.it\/site\/wp-json\/wp\/v2\/posts\/24960\/revisions\/24979"}],"wp:featuredmedia":[{"embeddable":true,"href":"https:\/\/www.comprensivobrigida.edu.it\/site\/wp-json\/wp\/v2\/media\/24956"}],"wp:attachment":[{"href":"https:\/\/www.comprensivobrigida.edu.it\/site\/wp-json\/wp\/v2\/media?parent=24960"}],"wp:term":[{"taxonomy":"category","embeddable":true,"href":"https:\/\/www.comprensivobrigida.edu.it\/site\/wp-json\/wp\/v2\/categories?post=24960"},{"taxonomy":"post_tag","embeddable":true,"href":"https:\/\/www.comprensivobrigida.edu.it\/site\/wp-json\/wp\/v2\/tags?post=24960"}],"curies":[{"name":"wp","href":"https:\/\/api.w.org\/{rel}","templated":true}]}}