{"id":19213,"date":"2021-05-26T00:09:08","date_gmt":"2021-05-25T22:09:08","guid":{"rendered":"https:\/\/www.comprensivobrigida.edu.it\/site\/?p=19213"},"modified":"2021-05-26T00:28:42","modified_gmt":"2021-05-25T22:28:42","slug":"omaggio-agli-autori-ennio-morricone","status":"publish","type":"post","link":"https:\/\/www.comprensivobrigida.edu.it\/site\/2021\/05\/26\/omaggio-agli-autori-ennio-morricone\/","title":{"rendered":"Omaggio agli autori: Ennio Morricone"},"content":{"rendered":"\t\t<div data-elementor-type=\"wp-post\" data-elementor-id=\"19213\" class=\"elementor elementor-19213\" data-elementor-settings=\"[]\">\n\t\t\t\t\t\t\t<div class=\"elementor-section-wrap\">\n\t\t\t\t\t\t\t<section class=\"has_eae_slider elementor-section elementor-top-section elementor-element elementor-element-38114ae elementor-section-boxed elementor-section-height-default elementor-section-height-default\" data-id=\"38114ae\" data-element_type=\"section\">\n\t\t\t\t\t\t<div class=\"elementor-container elementor-column-gap-default\">\n\t\t\t\t\t<div class=\"has_eae_slider elementor-column elementor-col-100 elementor-top-column elementor-element elementor-element-f2f4c51\" data-id=\"f2f4c51\" data-element_type=\"column\">\n\t\t\t<div class=\"elementor-widget-wrap elementor-element-populated\">\n\t\t\t\t\t\t\t\t<div class=\"elementor-element elementor-element-2c7dd47 elementor-widget elementor-widget-text-editor\" data-id=\"2c7dd47\" data-element_type=\"widget\" data-widget_type=\"text-editor.default\">\n\t\t\t\t<div class=\"elementor-widget-container\">\n\t\t\t<style>\/*! elementor - v3.5.6 - 28-02-2022 *\/\n.elementor-widget-text-editor.elementor-drop-cap-view-stacked .elementor-drop-cap{background-color:#818a91;color:#fff}.elementor-widget-text-editor.elementor-drop-cap-view-framed .elementor-drop-cap{color:#818a91;border:3px solid;background-color:transparent}.elementor-widget-text-editor:not(.elementor-drop-cap-view-default) .elementor-drop-cap{margin-top:8px}.elementor-widget-text-editor:not(.elementor-drop-cap-view-default) .elementor-drop-cap-letter{width:1em;height:1em}.elementor-widget-text-editor .elementor-drop-cap{float:left;text-align:center;line-height:1;font-size:50px}.elementor-widget-text-editor .elementor-drop-cap-letter{display:inline-block}<\/style>\t\t\t\t<p><span style=\"font-weight: 400;\">Poco meno di un anno fa ci lasciava il grande compositore italiano Ennio Morricone.<\/span><\/p><p><span style=\"font-weight: 400;\">Ci lasciava per ci\u00f2 che riguarda le vicissitudini della vita terrena e la presenza fisica in mezzo a noi, ma in realt\u00e0 i geni compositivi come Ennio Morricone non ci lasceranno mai.<\/span><\/p><p><span style=\"font-weight: 400;\">Perch\u00e9 ogni volta che ascolteremo uno dei suoi capolavori, in un grande cinema di una metropoli o in una piccola sala di periferia, in uno spot televisivo o su un canale in rete, in una emittente radiofonica o in un concerto dal vivo, lui sar\u00e0 sempre l\u00ec, con noi, a suggestionare la nostra vita, a suscitare ancora una volta quell\u2019emozione indescrivibile, a farci rivivere quella scena come solo lui e la sua arte hanno saputo immortalare nella storia del cinema degli ultimi sessanta anni.<\/span><\/p><p><span style=\"font-weight: 400;\">Quest\u2019anno, il progetto del nostro <\/span><b>Istituto Comprensivo M. Brigida di Termoli<\/b><span style=\"font-weight: 400;\"> ha pensato di omaggiare il grande autore di colonne sonore recentemente scomparso.<\/span><\/p><p><span style=\"font-weight: 400;\">Musiche per oltre 500 film, opere di musica contemporanea, grandi successi della musica pop italiana soprattutto degli anni \u201960.<\/span><\/p><p><span style=\"font-weight: 400;\">Come non ricordare la collaborazione con grandi registi come Sergio Leone nella <\/span><i><span style=\"font-weight: 400;\">Trilogia del dollaro<\/span><\/i><span style=\"font-weight: 400;\"> e nella <\/span><i><span style=\"font-weight: 400;\">Trilogia del Tempo<\/span><\/i><span style=\"font-weight: 400;\">, Brian De Palma, Oliver Stone, Roman Polanski, Pier Paolo Pasolini, Giuseppe Tornatore e tanti altri.<\/span><\/p><p><span style=\"font-weight: 400;\">Il prodotto finale, che potrete gustare con curiosit\u00e0 cliccando sul link sottostante e scoprendo tutti i suoi contenuti celati sotto le piccole icone, ha voluto rendere omaggio a Morricone con una breve biografia, con alcune sue immagini pi\u00f9 rappresentative, con i frontespizi di alcune sue composizioni, con un suo ritratto a mano libera, con una storia della sua vita raccontata dalle voci dei ragazzi, con alcuni disegni realizzati utilizzando diverse tecniche raffigurative, con alcuni video realizzati e suonati a distanza dai ragazzi dell\u2019indirizzo musicale che ripercorrono le pi\u00f9 celebri melodie di alcuni fra i suoi capolavori immortali (C\u2019era una volta in America, C\u2019era una volta il west e Indagine su un cittadino al di sopra di ogni sospetto).<\/span><\/p><p><span style=\"font-weight: 400;\">Una carriera, quella di Morricone, costellata di perle assolute e culminata nella consacrazione definitiva con l\u2019<\/span><b>Oscar alla carriera del 2007<\/b><span style=\"font-weight: 400;\">\u00a0\u2013 con tanto di standing ovation da parte della parata di stelle dell\u2019Academy \u2013 e il nuovo\u00a0<\/span><b>Oscar del 2016<\/b><span style=\"font-weight: 400;\">\u00a0per la colonna sonora di<\/span><i><span style=\"font-weight: 400;\">\u00a0The eightful Eight<\/span><\/i><span style=\"font-weight: 400;\">\u00a0di\u00a0Quentin Tarantino.<\/span><\/p><p><span style=\"font-weight: 400;\">\u00a0<\/span><i><span style=\"font-weight: 400;\">\u00abSono affezionato a tutte le mie musiche, e lo sono moltissimo\u00bb, <\/span><\/i><span style=\"font-weight: 400;\">disse in una delle sue ultime interviste,<\/span><i><span style=\"font-weight: 400;\"> \u00abperch\u00e9 per tutte ho lavorato duro e ho provato grande sofferenza creativa. Ma se proprio dovessi scegliere una, penserei con affetto alle belle musiche di film buoni che per\u00f2 non hanno avuto successo come ad esempio Un uomo a met\u00e0 di Vittorio De Seta e Un tranquillo posto di campagna di Elio Petri\u00bb.\u00a0<\/span><\/i><\/p><p><span style=\"font-weight: 400;\">Ecco la grande lezione che il maestro Morricone ci ha lasciati: la musica \u00e8 \u00abfatica\u00bb, ma se si riesce a portare questa meravigliosa \u00abfatica\u00bb sulle spalle come faceva lui, con l&#8217;energia di un giovane musicista, quella mano fatata riesce a creare quasi per magia motivi indimenticabili.<\/span><\/p><p><span style=\"font-weight: 400;\">Ecco a voi il progetto \u201cOmaggio agli autori, Ennio Morricone\u201d (cliccare sul link qui sotto):<\/span><\/p><p><a href=\"https:\/\/www.thinglink.com\/scene\/1437059279059156993\">https:\/\/www.thinglink.com\/scene\/1437059279059156993<\/a><\/p>\t\t\t\t\t\t<\/div>\n\t\t\t\t<\/div>\n\t\t\t\t\t<\/div>\n\t\t<\/div>\n\t\t\t\t\t\t\t<\/div>\n\t\t<\/section>\n\t\t\t\t\t\t<\/div>\n\t\t\t\t\t<\/div>\n\t\t","protected":false},"excerpt":{"rendered":"<p>Poco meno di un anno fa ci lasciava il grande compositore italiano Ennio Morricone. Ci lasciava per ci\u00f2 che riguarda le vicissitudini della vita terrena e la presenza fisica in mezzo a noi, ma in realt\u00e0 i geni compositivi come Ennio Morricone non ci lasceranno mai. Perch\u00e9 ogni volta che ascolteremo uno dei suoi capolavori, [&hellip;]<\/p>\n","protected":false},"author":5,"featured_media":19212,"comment_status":"closed","ping_status":"closed","sticky":false,"template":"","format":"standard","meta":{"footnotes":""},"categories":[7,1],"tags":[],"_links":{"self":[{"href":"https:\/\/www.comprensivobrigida.edu.it\/site\/wp-json\/wp\/v2\/posts\/19213"}],"collection":[{"href":"https:\/\/www.comprensivobrigida.edu.it\/site\/wp-json\/wp\/v2\/posts"}],"about":[{"href":"https:\/\/www.comprensivobrigida.edu.it\/site\/wp-json\/wp\/v2\/types\/post"}],"author":[{"embeddable":true,"href":"https:\/\/www.comprensivobrigida.edu.it\/site\/wp-json\/wp\/v2\/users\/5"}],"replies":[{"embeddable":true,"href":"https:\/\/www.comprensivobrigida.edu.it\/site\/wp-json\/wp\/v2\/comments?post=19213"}],"version-history":[{"count":5,"href":"https:\/\/www.comprensivobrigida.edu.it\/site\/wp-json\/wp\/v2\/posts\/19213\/revisions"}],"predecessor-version":[{"id":19219,"href":"https:\/\/www.comprensivobrigida.edu.it\/site\/wp-json\/wp\/v2\/posts\/19213\/revisions\/19219"}],"wp:featuredmedia":[{"embeddable":true,"href":"https:\/\/www.comprensivobrigida.edu.it\/site\/wp-json\/wp\/v2\/media\/19212"}],"wp:attachment":[{"href":"https:\/\/www.comprensivobrigida.edu.it\/site\/wp-json\/wp\/v2\/media?parent=19213"}],"wp:term":[{"taxonomy":"category","embeddable":true,"href":"https:\/\/www.comprensivobrigida.edu.it\/site\/wp-json\/wp\/v2\/categories?post=19213"},{"taxonomy":"post_tag","embeddable":true,"href":"https:\/\/www.comprensivobrigida.edu.it\/site\/wp-json\/wp\/v2\/tags?post=19213"}],"curies":[{"name":"wp","href":"https:\/\/api.w.org\/{rel}","templated":true}]}}