{"id":18602,"date":"2021-03-23T18:54:30","date_gmt":"2021-03-23T17:54:30","guid":{"rendered":"https:\/\/www.comprensivobrigida.edu.it\/site\/?p=18602"},"modified":"2021-03-23T18:57:07","modified_gmt":"2021-03-23T17:57:07","slug":"dandedi","status":"publish","type":"post","link":"https:\/\/www.comprensivobrigida.edu.it\/site\/2021\/03\/23\/dandedi\/","title":{"rendered":"\u201cDante Alighieri: l\u2019internazionalit\u00e0 del Sommo Poeta\u201d"},"content":{"rendered":"\t\t<div data-elementor-type=\"wp-post\" data-elementor-id=\"18602\" class=\"elementor elementor-18602\" data-elementor-settings=\"[]\">\n\t\t\t\t\t\t\t<div class=\"elementor-section-wrap\">\n\t\t\t\t\t\t\t<section class=\"has_eae_slider elementor-section elementor-top-section elementor-element elementor-element-13712bf elementor-section-boxed elementor-section-height-default elementor-section-height-default\" data-id=\"13712bf\" data-element_type=\"section\">\n\t\t\t\t\t\t<div class=\"elementor-container elementor-column-gap-default\">\n\t\t\t\t\t<div class=\"has_eae_slider elementor-column elementor-col-100 elementor-top-column elementor-element elementor-element-63c99a5\" data-id=\"63c99a5\" data-element_type=\"column\">\n\t\t\t<div class=\"elementor-widget-wrap elementor-element-populated\">\n\t\t\t\t\t\t\t\t<div class=\"elementor-element elementor-element-e872b49 elementor-widget elementor-widget-text-editor\" data-id=\"e872b49\" data-element_type=\"widget\" data-widget_type=\"text-editor.default\">\n\t\t\t\t<div class=\"elementor-widget-container\">\n\t\t\t<style>\/*! elementor - v3.5.6 - 28-02-2022 *\/\n.elementor-widget-text-editor.elementor-drop-cap-view-stacked .elementor-drop-cap{background-color:#818a91;color:#fff}.elementor-widget-text-editor.elementor-drop-cap-view-framed .elementor-drop-cap{color:#818a91;border:3px solid;background-color:transparent}.elementor-widget-text-editor:not(.elementor-drop-cap-view-default) .elementor-drop-cap{margin-top:8px}.elementor-widget-text-editor:not(.elementor-drop-cap-view-default) .elementor-drop-cap-letter{width:1em;height:1em}.elementor-widget-text-editor .elementor-drop-cap{float:left;text-align:center;line-height:1;font-size:50px}.elementor-widget-text-editor .elementor-drop-cap-letter{display:inline-block}<\/style>\t\t\t\t<p><span style=\"font-weight: 400;\">L\u2019istituto Comprensivo Brigida ricorda Dante e la sua opera celebrando il Danted\u00ec e i 700 anni dalla morte del Sommo Poeta, con l\u2019evento <\/span><b>\u201cDante Alighieri: l\u2019internazionalit\u00e0 del Sommo Poeta\u201d<\/b><span style=\"font-weight: 400;\">, in partenariato con Europe Direct Molise.<\/span><\/p><p><span style=\"font-weight: 400;\">Il Danted\u00ec, iniziativa promossa dall\u2019Accademia della Crusca ed ufficialmente istituita dal Ministero per i Beni e le Attivit\u00e0 Culturali e per il Turismo nel gennaio 2020, celebra colui che \u00e8 riconosciuto quale il pi\u00f9 grande poeta dell\u2019umanit\u00e0, e come tale non tramonta mai, ma vive in una dimensione che trascende i limiti temporali, consacrando la sua universalit\u00e0 spazio-temporale.<\/span><\/p><p><span style=\"font-weight: 400;\">L\u2019evento, in collaborazione con Europe Direct Molise, mette in risalto l\u2019internazionalit\u00e0 di Dante, poeta che fa emergere e canta, con inimitabile arte, \u201cle realt\u00e0 pi\u00f9 misteriose e sublimi della vita\u2026e l\u2019eterno peregrinare dell\u2019uomo\u201d, per cui si pu\u00f2 comprendere come non solo in Italia, ma in tutto il mondo, sia diffuso il culto del sommo poeta, che diventa cos\u00ec internazionale.<\/span><\/p><p>\u00a0<\/p>\t\t\t\t\t\t<\/div>\n\t\t\t\t<\/div>\n\t\t\t\t\t<\/div>\n\t\t<\/div>\n\t\t\t\t\t\t\t<\/div>\n\t\t<\/section>\n\t\t\t\t\t\t<\/div>\n\t\t\t\t\t<\/div>\n\t\t","protected":false},"excerpt":{"rendered":"<p>L\u2019istituto Comprensivo Brigida ricorda Dante e la sua opera celebrando il Danted\u00ec e i 700 anni dalla morte del Sommo Poeta, con l\u2019evento \u201cDante Alighieri: l\u2019internazionalit\u00e0 del Sommo Poeta\u201d, in partenariato con Europe Direct Molise. Il Danted\u00ec, iniziativa promossa dall\u2019Accademia della Crusca ed ufficialmente istituita dal Ministero per i Beni e le Attivit\u00e0 Culturali e [&hellip;]<\/p>\n","protected":false},"author":5,"featured_media":18601,"comment_status":"closed","ping_status":"closed","sticky":false,"template":"","format":"standard","meta":{"footnotes":""},"categories":[7,14,1],"tags":[],"_links":{"self":[{"href":"https:\/\/www.comprensivobrigida.edu.it\/site\/wp-json\/wp\/v2\/posts\/18602"}],"collection":[{"href":"https:\/\/www.comprensivobrigida.edu.it\/site\/wp-json\/wp\/v2\/posts"}],"about":[{"href":"https:\/\/www.comprensivobrigida.edu.it\/site\/wp-json\/wp\/v2\/types\/post"}],"author":[{"embeddable":true,"href":"https:\/\/www.comprensivobrigida.edu.it\/site\/wp-json\/wp\/v2\/users\/5"}],"replies":[{"embeddable":true,"href":"https:\/\/www.comprensivobrigida.edu.it\/site\/wp-json\/wp\/v2\/comments?post=18602"}],"version-history":[{"count":3,"href":"https:\/\/www.comprensivobrigida.edu.it\/site\/wp-json\/wp\/v2\/posts\/18602\/revisions"}],"predecessor-version":[{"id":18606,"href":"https:\/\/www.comprensivobrigida.edu.it\/site\/wp-json\/wp\/v2\/posts\/18602\/revisions\/18606"}],"wp:featuredmedia":[{"embeddable":true,"href":"https:\/\/www.comprensivobrigida.edu.it\/site\/wp-json\/wp\/v2\/media\/18601"}],"wp:attachment":[{"href":"https:\/\/www.comprensivobrigida.edu.it\/site\/wp-json\/wp\/v2\/media?parent=18602"}],"wp:term":[{"taxonomy":"category","embeddable":true,"href":"https:\/\/www.comprensivobrigida.edu.it\/site\/wp-json\/wp\/v2\/categories?post=18602"},{"taxonomy":"post_tag","embeddable":true,"href":"https:\/\/www.comprensivobrigida.edu.it\/site\/wp-json\/wp\/v2\/tags?post=18602"}],"curies":[{"name":"wp","href":"https:\/\/api.w.org\/{rel}","templated":true}]}}