{"id":16984,"date":"2020-09-25T15:37:15","date_gmt":"2020-09-25T13:37:15","guid":{"rendered":"https:\/\/www.comprensivobrigida.edu.it\/site\/?p=16984"},"modified":"2020-09-27T19:38:27","modified_gmt":"2020-09-27T17:38:27","slug":"classifica-parleuropa-2020","status":"publish","type":"post","link":"https:\/\/www.comprensivobrigida.edu.it\/site\/2020\/09\/25\/classifica-parleuropa-2020\/","title":{"rendered":"Parleuropa 2020, celebrata all&#8217;Istituto comprensivo Brigida la giornata europea delle lingue"},"content":{"rendered":"\t\t<div data-elementor-type=\"wp-post\" data-elementor-id=\"16984\" class=\"elementor elementor-16984\" data-elementor-settings=\"[]\">\n\t\t\t\t\t\t\t<div class=\"elementor-section-wrap\">\n\t\t\t\t\t\t\t<section class=\"has_eae_slider elementor-section elementor-top-section elementor-element elementor-element-f6f80a9 elementor-section-boxed elementor-section-height-default elementor-section-height-default\" data-id=\"f6f80a9\" data-element_type=\"section\">\n\t\t\t\t\t\t<div class=\"elementor-container elementor-column-gap-default\">\n\t\t\t\t\t<div class=\"has_eae_slider elementor-column elementor-col-100 elementor-top-column elementor-element elementor-element-fab500a\" data-id=\"fab500a\" data-element_type=\"column\">\n\t\t\t<div class=\"elementor-widget-wrap elementor-element-populated\">\n\t\t\t\t\t\t\t\t<div class=\"elementor-element elementor-element-bf16968 elementor-widget elementor-widget-text-editor\" data-id=\"bf16968\" data-element_type=\"widget\" data-widget_type=\"text-editor.default\">\n\t\t\t\t<div class=\"elementor-widget-container\">\n\t\t\t<style>\/*! elementor - v3.5.6 - 28-02-2022 *\/\n.elementor-widget-text-editor.elementor-drop-cap-view-stacked .elementor-drop-cap{background-color:#818a91;color:#fff}.elementor-widget-text-editor.elementor-drop-cap-view-framed .elementor-drop-cap{color:#818a91;border:3px solid;background-color:transparent}.elementor-widget-text-editor:not(.elementor-drop-cap-view-default) .elementor-drop-cap{margin-top:8px}.elementor-widget-text-editor:not(.elementor-drop-cap-view-default) .elementor-drop-cap-letter{width:1em;height:1em}.elementor-widget-text-editor .elementor-drop-cap{float:left;text-align:center;line-height:1;font-size:50px}.elementor-widget-text-editor .elementor-drop-cap-letter{display:inline-block}<\/style>\t\t\t\t<p>Si \u00e8 svolta venerd\u00ec mattina, 25 settembre, negli spazi esterni dell\u2019Istituto Comprensivo Brigida, una stimolante iniziativa didattica e sociale nell\u2019ambito dell\u2019European Day of Languages.<\/p><p>Con grande attenzione alla sicurezza e alle regole di distanziamento, particolarmente curate nell\u2019 istituto dal Preside Marra, le sei classi terze della scuola secondaria di primo grado si sono sfidate in un rally delle lingue, all\u2019insegna del gioco e del motto \u201cImparare divertendosi\u201d. \u00a0L\u2019evento \u00e8 stato organizzato, come gi\u00e0 da qualche anno, in collaborazione con\u00a0 Europe Direct Molise della Provincia di Campobasso, rappresentato dalla dott.ssa Carmela Basile, e dall\u2019Istituto Comprensivo Brigida di Termoli.<\/p><p>Obiettivo della manifestazione \u00e8 quello di consentire l&#8217;approccio all&#8217;apprendimento delle lingue in maniera ludica, di suscitare curiosit\u00e0 nei confronti della cultura e della civilt\u00e0 dei vari popoli, e di sensibilizzare le nuove generazioni sull\u2019importanza del plurilinguismo, della multiculturalit\u00e0 e dell\u2019inclusione, in una societ\u00e0 sempre pi\u00f9 <em>globalizzata<\/em>.<\/p><p>Laboratori di lingua inglese, francese, spagnola, tedesca, latina, polacca, di lingue di minoranza arbereshe e antico croato, di lingua araba e di multiculturalit\u00e0 che rispecchiano la realt\u00e0 variegata anche della nostra piccola regione.<\/p><p>Un viaggio immaginario attorno al vecchio continente (e non solo), tra le lingue e gli accenti d&#8217;Europa, mettendo il multilinguismo al centro di un piacevole giro a tappe, un&#8217;esperienza spassosa per mettersi alla prova e conoscere parole, suoni, mondi e prospettive nuove.<\/p><p>Postazioni attrezzate negli spazi esterni della scuola, per proporre quiz e giochi linguistici, gestite dalle docenti del dipartimento linguistico della Brigida e dai partner esterni, gli operatori degli sportelli linguistici, coordinati dalla prof.ssa Fernanda Pugliese, l\u2019Associazione di lingua e cultura polacca Apolonia, rappresentata dalla dott.ssa Dagmara Sobowleska, e l\u2019Associazione di lingua araba Salam APS rappresentata dalla presidente, dott.ssa Hanen Gzaiel Ben Mariem, con la rivista Kamastra non\u00a0 \u00e8 mancata la postazione delle Minoranze Linguistiche molisane\u00a0 arberesh e croate.<\/p><h5>Al termine della gara podio per le classi 3I al terzo posto, 3O al secondo posto, e medaglia d\u2019oro per la classe 3M.<\/h5><p>Le lingue rappresentano l\u2019identit\u00e0 culturale di un popolo e la diversit\u00e0 linguistica \u00e8 uno strumento fondamentale per raggiungere una maggiore comprensione interculturale, e come tutte le cose belle, bisogna festeggiarle, soprattutto in un periodo \u201cparticolare\u201d come quello che stiamo vivendo.<\/p>\t\t\t\t\t\t<\/div>\n\t\t\t\t<\/div>\n\t\t\t\t<div class=\"elementor-element elementor-element-5554a2d elementor-skin-carousel elementor-arrows-yes elementor-pagination-type-bullets elementor-pagination-position-outside elementor-widget elementor-widget-media-carousel\" data-id=\"5554a2d\" data-element_type=\"widget\" data-settings=\"{&quot;space_between&quot;:{&quot;unit&quot;:&quot;px&quot;,&quot;size&quot;:11,&quot;sizes&quot;:[]},&quot;skin&quot;:&quot;carousel&quot;,&quot;effect&quot;:&quot;slide&quot;,&quot;show_arrows&quot;:&quot;yes&quot;,&quot;pagination&quot;:&quot;bullets&quot;,&quot;speed&quot;:500,&quot;autoplay&quot;:&quot;yes&quot;,&quot;autoplay_speed&quot;:5000,&quot;loop&quot;:&quot;yes&quot;,&quot;pause_on_hover&quot;:&quot;yes&quot;,&quot;pause_on_interaction&quot;:&quot;yes&quot;,&quot;space_between_tablet&quot;:{&quot;unit&quot;:&quot;px&quot;,&quot;size&quot;:10,&quot;sizes&quot;:[]},&quot;space_between_mobile&quot;:{&quot;unit&quot;:&quot;px&quot;,&quot;size&quot;:10,&quot;sizes&quot;:[]}}\" data-widget_type=\"media-carousel.default\">\n\t\t\t\t<div class=\"elementor-widget-container\">\n\t\t\t<link rel=\"stylesheet\" href=\"https:\/\/www.comprensivobrigida.edu.it\/site\/wp-content\/plugins\/elementor-pro\/assets\/css\/widget-carousel.min.css\">\t\t<div class=\"elementor-swiper\">\n\t\t\t<div class=\"elementor-main-swiper swiper-container\">\n\t\t\t\t<div class=\"swiper-wrapper\">\n\t\t\t\t\t\t\t\t\t\t\t<div class=\"swiper-slide\">\n\t\t\t\t\t\t\t\t\t<div class=\"elementor-carousel-image\" style=\"background-image: url(https:\/\/www.comprensivobrigida.edu.it\/site\/wp-content\/uploads\/2020\/09\/Foto-da-Daniela-40.jpg)\">\n\n\t\t\t\n\t\t\t\t\t<\/div>\n\t\t\t\t\t\t\t\t<\/div>\n\t\t\t\t\t\t\t\t\t\t\t<div class=\"swiper-slide\">\n\t\t\t\t\t\t\t\t\t<div class=\"elementor-carousel-image\" style=\"background-image: url(https:\/\/www.comprensivobrigida.edu.it\/site\/wp-content\/uploads\/2020\/09\/Foto-da-Daniela-19.jpg)\">\n\n\t\t\t\n\t\t\t\t\t<\/div>\n\t\t\t\t\t\t\t\t<\/div>\n\t\t\t\t\t\t\t\t\t\t\t<div class=\"swiper-slide\">\n\t\t\t\t\t\t\t\t\t<div class=\"elementor-carousel-image\" style=\"background-image: url(https:\/\/www.comprensivobrigida.edu.it\/site\/wp-content\/uploads\/2020\/09\/Foto-da-Daniela-21.jpg)\">\n\n\t\t\t\n\t\t\t\t\t<\/div>\n\t\t\t\t\t\t\t\t<\/div>\n\t\t\t\t\t\t\t\t\t\t\t<div class=\"swiper-slide\">\n\t\t\t\t\t\t\t\t\t<div class=\"elementor-carousel-image\" style=\"background-image: url(https:\/\/www.comprensivobrigida.edu.it\/site\/wp-content\/uploads\/2020\/09\/Documento-da-parte-di-Daniela-1-scaled.jpg)\">\n\n\t\t\t\n\t\t\t\t\t<\/div>\n\t\t\t\t\t\t\t\t<\/div>\n\t\t\t\t\t\t\t\t\t\t\t<div class=\"swiper-slide\">\n\t\t\t\t\t\t\t\t\t<div class=\"elementor-carousel-image\" style=\"background-image: url(https:\/\/www.comprensivobrigida.edu.it\/site\/wp-content\/uploads\/2020\/09\/Foto-da-Daniela-14.jpg)\">\n\n\t\t\t\n\t\t\t\t\t<\/div>\n\t\t\t\t\t\t\t\t<\/div>\n\t\t\t\t\t\t\t\t\t\t\t<div class=\"swiper-slide\">\n\t\t\t\t\t\t\t\t\t<div class=\"elementor-carousel-image\" style=\"background-image: url(https:\/\/www.comprensivobrigida.edu.it\/site\/wp-content\/uploads\/2020\/09\/Foto-da-Daniela-20.jpg)\">\n\n\t\t\t\n\t\t\t\t\t<\/div>\n\t\t\t\t\t\t\t\t<\/div>\n\t\t\t\t\t\t\t\t\t\t\t<div class=\"swiper-slide\">\n\t\t\t\t\t\t\t\t\t<div class=\"elementor-carousel-image\" style=\"background-image: url(https:\/\/www.comprensivobrigida.edu.it\/site\/wp-content\/uploads\/2020\/09\/Foto-da-Daniela-24.jpg)\">\n\n\t\t\t\n\t\t\t\t\t<\/div>\n\t\t\t\t\t\t\t\t<\/div>\n\t\t\t\t\t\t\t\t\t\t\t<div class=\"swiper-slide\">\n\t\t\t\t\t\t\t\t\t<div class=\"elementor-carousel-image\" style=\"background-image: url(https:\/\/www.comprensivobrigida.edu.it\/site\/wp-content\/uploads\/2020\/09\/Foto-da-Daniela-36.jpg)\">\n\n\t\t\t\n\t\t\t\t\t<\/div>\n\t\t\t\t\t\t\t\t<\/div>\n\t\t\t\t\t\t\t\t\t\t\t<div class=\"swiper-slide\">\n\t\t\t\t\t\t\t\t\t<div class=\"elementor-carousel-image\" style=\"background-image: url(https:\/\/www.comprensivobrigida.edu.it\/site\/wp-content\/uploads\/2020\/09\/Foto-da-Daniela-41.jpg)\">\n\n\t\t\t\n\t\t\t\t\t<\/div>\n\t\t\t\t\t\t\t\t<\/div>\n\t\t\t\t\t\t\t\t\t\t\t<div class=\"swiper-slide\">\n\t\t\t\t\t\t\t\t\t<div class=\"elementor-carousel-image\" style=\"background-image: url(https:\/\/www.comprensivobrigida.edu.it\/site\/wp-content\/uploads\/2020\/09\/Foto-da-Daniela-42.jpg)\">\n\n\t\t\t\n\t\t\t\t\t<\/div>\n\t\t\t\t\t\t\t\t<\/div>\n\t\t\t\t\t\t\t\t\t\t\t<div class=\"swiper-slide\">\n\t\t\t\t\t\t\t\t\t<div class=\"elementor-carousel-image\" style=\"background-image: url(https:\/\/www.comprensivobrigida.edu.it\/site\/wp-content\/uploads\/2020\/09\/Foto-da-Daniela-43.jpg)\">\n\n\t\t\t\n\t\t\t\t\t<\/div>\n\t\t\t\t\t\t\t\t<\/div>\n\t\t\t\t\t\t\t\t\t\t\t<div class=\"swiper-slide\">\n\t\t\t\t\t\t\t\t\t<div class=\"elementor-carousel-image\" style=\"background-image: url(https:\/\/www.comprensivobrigida.edu.it\/site\/wp-content\/uploads\/2020\/09\/Foto-da-Daniela-27.jpg)\">\n\n\t\t\t\n\t\t\t\t\t<\/div>\n\t\t\t\t\t\t\t\t<\/div>\n\t\t\t\t\t\t\t\t\t\t\t<div class=\"swiper-slide\">\n\t\t\t\t\t\t\t\t\t<div class=\"elementor-carousel-image\" style=\"background-image: url(https:\/\/www.comprensivobrigida.edu.it\/site\/wp-content\/uploads\/2020\/09\/Foto-da-Daniela-28.jpg)\">\n\n\t\t\t\n\t\t\t\t\t<\/div>\n\t\t\t\t\t\t\t\t<\/div>\n\t\t\t\t\t\t\t\t\t\t\t<div class=\"swiper-slide\">\n\t\t\t\t\t\t\t\t\t<div class=\"elementor-carousel-image\" style=\"background-image: url(https:\/\/www.comprensivobrigida.edu.it\/site\/wp-content\/uploads\/2020\/09\/Foto-da-Daniela-30.jpg)\">\n\n\t\t\t\n\t\t\t\t\t<\/div>\n\t\t\t\t\t\t\t\t<\/div>\n\t\t\t\t\t\t\t\t\t\t\t<div class=\"swiper-slide\">\n\t\t\t\t\t\t\t\t\t<div class=\"elementor-carousel-image\" style=\"background-image: url(https:\/\/www.comprensivobrigida.edu.it\/site\/wp-content\/uploads\/2020\/09\/Foto-da-Daniela-1.jpg)\">\n\n\t\t\t\n\t\t\t\t\t<\/div>\n\t\t\t\t\t\t\t\t<\/div>\n\t\t\t\t\t\t\t\t\t\t\t<div class=\"swiper-slide\">\n\t\t\t\t\t\t\t\t\t<div class=\"elementor-carousel-image\" style=\"background-image: url(https:\/\/www.comprensivobrigida.edu.it\/site\/wp-content\/uploads\/2020\/09\/Foto-da-Daniela-37.jpg)\">\n\n\t\t\t\n\t\t\t\t\t<\/div>\n\t\t\t\t\t\t\t\t<\/div>\n\t\t\t\t\t\t\t\t\t\t\t<div class=\"swiper-slide\">\n\t\t\t\t\t\t\t\t\t<div class=\"elementor-carousel-image\" style=\"background-image: url(https:\/\/www.comprensivobrigida.edu.it\/site\/wp-content\/uploads\/2020\/09\/Foto-da-Daniela-2.jpg)\">\n\n\t\t\t\n\t\t\t\t\t<\/div>\n\t\t\t\t\t\t\t\t<\/div>\n\t\t\t\t\t\t\t\t\t\t\t<div class=\"swiper-slide\">\n\t\t\t\t\t\t\t\t\t<div class=\"elementor-carousel-image\" style=\"background-image: url(https:\/\/www.comprensivobrigida.edu.it\/site\/wp-content\/uploads\/2020\/09\/Foto-da-Daniela-22.jpg)\">\n\n\t\t\t\n\t\t\t\t\t<\/div>\n\t\t\t\t\t\t\t\t<\/div>\n\t\t\t\t\t\t\t\t\t\t\t<div class=\"swiper-slide\">\n\t\t\t\t\t\t\t\t\t<div class=\"elementor-carousel-image\" style=\"background-image: url(https:\/\/www.comprensivobrigida.edu.it\/site\/wp-content\/uploads\/2020\/09\/Foto-da-Daniela-31.jpg)\">\n\n\t\t\t\n\t\t\t\t\t<\/div>\n\t\t\t\t\t\t\t\t<\/div>\n\t\t\t\t\t\t\t\t\t\t\t<div class=\"swiper-slide\">\n\t\t\t\t\t\t\t\t\t<div class=\"elementor-carousel-image\" style=\"background-image: url(https:\/\/www.comprensivobrigida.edu.it\/site\/wp-content\/uploads\/2020\/09\/Foto-da-Daniela-33.jpg)\">\n\n\t\t\t\n\t\t\t\t\t<\/div>\n\t\t\t\t\t\t\t\t<\/div>\n\t\t\t\t\t\t\t\t\t\t\t<div class=\"swiper-slide\">\n\t\t\t\t\t\t\t\t\t<div class=\"elementor-carousel-image\" style=\"background-image: url(https:\/\/www.comprensivobrigida.edu.it\/site\/wp-content\/uploads\/2020\/09\/Foto-da-Daniela-4.jpg)\">\n\n\t\t\t\n\t\t\t\t\t<\/div>\n\t\t\t\t\t\t\t\t<\/div>\n\t\t\t\t\t\t\t\t\t\t\t<div class=\"swiper-slide\">\n\t\t\t\t\t\t\t\t\t<div class=\"elementor-carousel-image\" style=\"background-image: url(https:\/\/www.comprensivobrigida.edu.it\/site\/wp-content\/uploads\/2020\/09\/Foto-da-Daniela-18.jpg)\">\n\n\t\t\t\n\t\t\t\t\t<\/div>\n\t\t\t\t\t\t\t\t<\/div>\n\t\t\t\t\t\t\t\t\t\t\t<div class=\"swiper-slide\">\n\t\t\t\t\t\t\t\t\t<div class=\"elementor-carousel-image\" style=\"background-image: url(https:\/\/www.comprensivobrigida.edu.it\/site\/wp-content\/uploads\/2020\/09\/Foto-da-Daniela-15.jpg)\">\n\n\t\t\t\n\t\t\t\t\t<\/div>\n\t\t\t\t\t\t\t\t<\/div>\n\t\t\t\t\t\t\t\t\t\t\t<div class=\"swiper-slide\">\n\t\t\t\t\t\t\t\t\t<div class=\"elementor-carousel-image\" style=\"background-image: url(https:\/\/www.comprensivobrigida.edu.it\/site\/wp-content\/uploads\/2020\/09\/Foto-da-Daniela-39.jpg)\">\n\n\t\t\t\n\t\t\t\t\t<\/div>\n\t\t\t\t\t\t\t\t<\/div>\n\t\t\t\t\t\t\t\t\t\t\t<div class=\"swiper-slide\">\n\t\t\t\t\t\t\t\t\t<div class=\"elementor-carousel-image\" style=\"background-image: url(https:\/\/www.comprensivobrigida.edu.it\/site\/wp-content\/uploads\/2020\/09\/Foto-da-Daniela-16.jpg)\">\n\n\t\t\t\n\t\t\t\t\t<\/div>\n\t\t\t\t\t\t\t\t<\/div>\n\t\t\t\t\t\t\t\t\t\t\t<div class=\"swiper-slide\">\n\t\t\t\t\t\t\t\t\t<div class=\"elementor-carousel-image\" style=\"background-image: url(https:\/\/www.comprensivobrigida.edu.it\/site\/wp-content\/uploads\/2020\/09\/Foto-da-Daniela-17.jpg)\">\n\n\t\t\t\n\t\t\t\t\t<\/div>\n\t\t\t\t\t\t\t\t<\/div>\n\t\t\t\t\t\t\t\t\t\t\t<div class=\"swiper-slide\">\n\t\t\t\t\t\t\t\t\t<div class=\"elementor-carousel-image\" style=\"background-image: url(https:\/\/www.comprensivobrigida.edu.it\/site\/wp-content\/uploads\/2020\/09\/Foto-da-Daniela-3.jpg)\">\n\n\t\t\t\n\t\t\t\t\t<\/div>\n\t\t\t\t\t\t\t\t<\/div>\n\t\t\t\t\t\t\t\t\t\t\t<div class=\"swiper-slide\">\n\t\t\t\t\t\t\t\t\t<div class=\"elementor-carousel-image\" style=\"background-image: url(https:\/\/www.comprensivobrigida.edu.it\/site\/wp-content\/uploads\/2020\/09\/Foto-da-Daniela-48.jpg)\">\n\n\t\t\t\n\t\t\t\t\t<\/div>\n\t\t\t\t\t\t\t\t<\/div>\n\t\t\t\t\t\t\t\t\t\t\t<div class=\"swiper-slide\">\n\t\t\t\t\t\t\t\t\t<div class=\"elementor-carousel-image\" style=\"background-image: url(https:\/\/www.comprensivobrigida.edu.it\/site\/wp-content\/uploads\/2020\/09\/Foto-da-Daniela-49.jpg)\">\n\n\t\t\t\n\t\t\t\t\t<\/div>\n\t\t\t\t\t\t\t\t<\/div>\n\t\t\t\t\t\t\t\t\t\t\t<div class=\"swiper-slide\">\n\t\t\t\t\t\t\t\t\t<div class=\"elementor-carousel-image\" style=\"background-image: url(https:\/\/www.comprensivobrigida.edu.it\/site\/wp-content\/uploads\/2020\/09\/Foto-da-Daniela-50.jpg)\">\n\n\t\t\t\n\t\t\t\t\t<\/div>\n\t\t\t\t\t\t\t\t<\/div>\n\t\t\t\t\t\t\t\t\t\t\t<div class=\"swiper-slide\">\n\t\t\t\t\t\t\t\t\t<div class=\"elementor-carousel-image\" style=\"background-image: url(https:\/\/www.comprensivobrigida.edu.it\/site\/wp-content\/uploads\/2020\/09\/Foto-da-Daniela-51.jpg)\">\n\n\t\t\t\n\t\t\t\t\t<\/div>\n\t\t\t\t\t\t\t\t<\/div>\n\t\t\t\t\t\t\t\t\t\t\t<div class=\"swiper-slide\">\n\t\t\t\t\t\t\t\t\t<div class=\"elementor-carousel-image\" style=\"background-image: url(https:\/\/www.comprensivobrigida.edu.it\/site\/wp-content\/uploads\/2020\/09\/Foto-da-Daniela-55.jpg)\">\n\n\t\t\t\n\t\t\t\t\t<\/div>\n\t\t\t\t\t\t\t\t<\/div>\n\t\t\t\t\t\t\t\t\t\t\t<div class=\"swiper-slide\">\n\t\t\t\t\t\t\t\t\t<div class=\"elementor-carousel-image\" style=\"background-image: url(https:\/\/www.comprensivobrigida.edu.it\/site\/wp-content\/uploads\/2020\/09\/Foto-da-Daniela-54.jpg)\">\n\n\t\t\t\n\t\t\t\t\t<\/div>\n\t\t\t\t\t\t\t\t<\/div>\n\t\t\t\t\t\t\t\t\t\t\t<div class=\"swiper-slide\">\n\t\t\t\t\t\t\t\t\t<div class=\"elementor-carousel-image\" style=\"background-image: url(https:\/\/www.comprensivobrigida.edu.it\/site\/wp-content\/uploads\/2020\/09\/Foto-da-Daniela-53.jpg)\">\n\n\t\t\t\n\t\t\t\t\t<\/div>\n\t\t\t\t\t\t\t\t<\/div>\n\t\t\t\t\t\t\t\t\t\t\t<div class=\"swiper-slide\">\n\t\t\t\t\t\t\t\t\t<div class=\"elementor-carousel-image\" style=\"background-image: url(https:\/\/www.comprensivobrigida.edu.it\/site\/wp-content\/uploads\/2020\/09\/Foto-da-Daniela-52.jpg)\">\n\n\t\t\t\n\t\t\t\t\t<\/div>\n\t\t\t\t\t\t\t\t<\/div>\n\t\t\t\t\t\t\t\t\t<\/div>\n\t\t\t\t\t\t\t\t\t\t\t\t\t\t\t<div class=\"swiper-pagination\"><\/div>\n\t\t\t\t\t\t\t\t\t\t\t\t\t\t\t\t<div class=\"elementor-swiper-button elementor-swiper-button-prev\">\n\t\t\t\t\t\t\t<svg aria-hidden=\"true\" class=\"e-font-icon-svg e-eicon-chevron-left\"><use xlink:href=\"#eicon-chevron-left\" \/><\/svg>\t\t\t\t\t\t\t<span class=\"elementor-screen-only\">Precedente<\/span>\n\t\t\t\t\t\t<\/div>\n\t\t\t\t\t\t<div class=\"elementor-swiper-button elementor-swiper-button-next\">\n\t\t\t\t\t\t\t<svg aria-hidden=\"true\" class=\"e-font-icon-svg e-eicon-chevron-right\"><use xlink:href=\"#eicon-chevron-right\" \/><\/svg>\t\t\t\t\t\t\t<span class=\"elementor-screen-only\">Successivo<\/span>\n\t\t\t\t\t\t<\/div>\n\t\t\t\t\t\t\t\t\t\t\t\t<\/div>\n\t\t<\/div>\n\t\t\t\t<\/div>\n\t\t\t\t<\/div>\n\t\t\t\t\t<\/div>\n\t\t<\/div>\n\t\t\t\t\t\t\t<\/div>\n\t\t<\/section>\n\t\t\t\t\t\t<\/div>\n\t\t\t\t\t<\/div>\n\t\t","protected":false},"excerpt":{"rendered":"<p>Si \u00e8 svolta venerd\u00ec mattina, 25 settembre, negli spazi esterni dell\u2019Istituto Comprensivo Brigida, una stimolante iniziativa didattica e sociale nell\u2019ambito dell\u2019European Day of Languages. Con grande attenzione alla sicurezza e alle regole di distanziamento, particolarmente curate nell\u2019 istituto dal Preside Marra, le sei classi terze della scuola secondaria di primo grado si sono sfidate in [&hellip;]<\/p>\n","protected":false},"author":5,"featured_media":16924,"comment_status":"closed","ping_status":"closed","sticky":false,"template":"","format":"standard","meta":{"footnotes":""},"categories":[7,1,16],"tags":[],"_links":{"self":[{"href":"https:\/\/www.comprensivobrigida.edu.it\/site\/wp-json\/wp\/v2\/posts\/16984"}],"collection":[{"href":"https:\/\/www.comprensivobrigida.edu.it\/site\/wp-json\/wp\/v2\/posts"}],"about":[{"href":"https:\/\/www.comprensivobrigida.edu.it\/site\/wp-json\/wp\/v2\/types\/post"}],"author":[{"embeddable":true,"href":"https:\/\/www.comprensivobrigida.edu.it\/site\/wp-json\/wp\/v2\/users\/5"}],"replies":[{"embeddable":true,"href":"https:\/\/www.comprensivobrigida.edu.it\/site\/wp-json\/wp\/v2\/comments?post=16984"}],"version-history":[{"count":53,"href":"https:\/\/www.comprensivobrigida.edu.it\/site\/wp-json\/wp\/v2\/posts\/16984\/revisions"}],"predecessor-version":[{"id":17071,"href":"https:\/\/www.comprensivobrigida.edu.it\/site\/wp-json\/wp\/v2\/posts\/16984\/revisions\/17071"}],"wp:featuredmedia":[{"embeddable":true,"href":"https:\/\/www.comprensivobrigida.edu.it\/site\/wp-json\/wp\/v2\/media\/16924"}],"wp:attachment":[{"href":"https:\/\/www.comprensivobrigida.edu.it\/site\/wp-json\/wp\/v2\/media?parent=16984"}],"wp:term":[{"taxonomy":"category","embeddable":true,"href":"https:\/\/www.comprensivobrigida.edu.it\/site\/wp-json\/wp\/v2\/categories?post=16984"},{"taxonomy":"post_tag","embeddable":true,"href":"https:\/\/www.comprensivobrigida.edu.it\/site\/wp-json\/wp\/v2\/tags?post=16984"}],"curies":[{"name":"wp","href":"https:\/\/api.w.org\/{rel}","templated":true}]}}